{"id":2769,"date":"2015-06-02T20:01:47","date_gmt":"2015-06-02T19:01:47","guid":{"rendered":"http:\/\/www.martin-pyco-rausch-fans.sk\/?p=2769"},"modified":"2015-06-02T21:23:43","modified_gmt":"2015-06-02T20:23:43","slug":"rozhovor-s-pycom-3","status":"publish","type":"post","link":"https:\/\/martin-pyco-rausch-fans.sk\/?p=2769","title":{"rendered":"Rozhovor s Pycom"},"content":{"rendered":"<p>Pre\u010d\u00edtajte si najnov\u0161\u00ed\u00a0rozhovor s Pycom, ktor\u00fd poskytol pre port\u00e1l <a title=\"ikuchar.sk\" href=\"http:\/\/ikuchar.sk\/martin-pyco-rausch-jedlo-bolo-vzdy-umenim\/\" target=\"_blank\">iKuchar.sk<\/a>.<\/p>\n<p>&nbsp;<\/p>\n<p><center><a href=\"http:\/\/ikuchar.sk\/martin-pyco-rausch-jedlo-bolo-vzdy-umenim\/\" target=\"_blank\"> <img decoding=\"async\" src=\"https:\/\/martin-pyco-rausch-fans.sk\/wp\/clanky\/rozhovor.jpg\" alt=\"\" border=\"0\" \/><\/a><\/center><center><\/center><center><\/center>&nbsp;<\/p>\n<p>Zn\u00e1my moder\u00e1tor a autor dvoch \u00faspe\u0161n\u00fdch kuch\u00e1rskych kn\u00edh v rozhovore o \u0148om, jeho novej knihe a aj o tom, \u010di m\u00f4\u017eeme o\u010dak\u00e1va\u0165 \u010fal\u0161iu.<\/p>\n<p><strong>Ned\u00e1\u00a0n\u00e1m to hne\u010f na \u00favod sa nesp\u00fdta\u0165 \u2013 pre\u010do Pyco?<\/strong><\/p>\n<p>Preto\u017ee za\u010diatkom 90-tych rokov, ke\u010f som za\u010dal pracova\u0165 v prvom s\u00fakromnom r\u00e1diu, tam u\u017e jeden Martin bol. Nikod\u00fdm. A moder\u00e1tori \u010di \u201ctechnici\u201d, sa v tom \u010dase do \u00e9teru ohlasovali len krstn\u00fdm menom, tak\u017ee pre odl\u00ed\u0161enie dvoch Martinov som potreboval prez\u00fdvku. Vymysleli ju posluch\u00e1\u010di.<\/p>\n<p><strong>V\u00e4\u010d\u0161ina \u013eud\u00ed v\u00e1s asi pozn\u00e1 z\u00a0telev\u00edznej s\u00fa\u0165a\u017ee \u010cesko Slovensko m\u00e1 talent, ktor\u00fa ste uv\u00e1dzal s\u00a0Jakubom Pracha\u0159om, a z\u00a0X Factoru. Je rola moder\u00e1tora v\u00a0takom mamu\u0165om projekte n\u00e1ro\u010dn\u00e1? Ako ste to zvl\u00e1dal?<\/strong><\/p>\n<p>Ako som to zvl\u00e1dal nech s\u00fadia in\u00ed. Moderovanie Talentu je pr\u00e1ca za odmenu. S v\u00fdnimkou \u017eiv\u00fdch telev\u00edznych prenosov, nem\u00e1te \u0161ancu ani mo\u017enos\u0165 sa vopred pripravi\u0165, je to ako z\u00e1\u017eitkov\u00fd t\u00e1bor. Tak\u017ee sledujete to, \u010do s\u00fa\u0165a\u017eiaci predstavia div\u00e1kovi aj moder\u00e1torom. Akur\u00e1t v\u00e1s pri tom sn\u00edma kamera. Zo v\u0161etk\u00fdch odmoderovan\u00fdch projektov, je tento najmenej n\u00e1ro\u010dn\u00fdm na pr\u00edpravu, najm\u00e4 v posledn\u00fdch rokoch, ke\u010f ub\u00fadalo z po\u010dtu \u017eiv\u00fdch prenosov.<\/p>\n<p><strong>Je \u0165a\u017ek\u00e9 presved\u010di\u0165 \u013eud\u00ed, \u017ee nie ste len moder\u00e1tor, ale treb\u00e1rs aj kuch\u00e1r alebo cestovate\u013e? Alebo v\u00e1m naopak status celebrity otv\u00e1ra dvere a pom\u00e1ha napr\u00edklad i v\u00a0kuch\u00e1rskom svete?<\/strong><\/p>\n<p>Status celebrity je stav mysle, nikdy som sa tak nenazval a ke\u010f v\u00e1s niekto po\u010dastuje pr\u00edvlastkom celebrita, oby\u010dajne to mysl\u00ed poni\u017euj\u00faco. Zvy\u010dajne to viac vypoved\u00e1 o tom kto to povie, ne\u017e o tom komu pozn\u00e1mku adresoval. R\u00e1d var\u00edm a cestujem, moder\u00e1torom som sa stal ve\u013ekou n\u00e1hodou. Ale v\u0161etko v \u017eivote beriem ako v\u00fdzvu, z\u00e1\u013eubu a napredujem len v tom \u010do ma bav\u00ed. Na \u010do o tom niekoho presvied\u010da\u0165?<\/p>\n<p><strong>Na svojej Facebook str\u00e1nke pravidelne prispievate do rubriky Song Of The Week (Piese\u0148 t\u00fd\u017ed\u0148a). Ak\u00fa hudbu r\u00e1d po\u010d\u00favate a ktor\u00e1 piese\u0148 to vyhrala tento t\u00fd\u017ede\u0148?<\/strong><\/p>\n<p>Je to pre m\u0148a tak\u00e1 nostalgia za r\u00e1diov\u00fdmi \u010dasmi, ke\u010f som starostlivo vyberal album t\u00fd\u017ed\u0148a \u010di singel t\u00fd\u017ed\u0148a a pripravoval recenzie, anal\u00fdzu medzin\u00e1rodn\u00fdch rebr\u00ed\u010dkov, predpovede na \u00faspe\u0161nos\u0165 noviniek a tak podobne. Teraz to u\u017e je len tak\u00e1 z\u00e1bavka, ktor\u00e1 neodr\u00e1\u017ea trendy \u010di masov\u00fd \u00faspech, ale m\u00f4j aktu\u00e1lny vkus. A ten sa men\u00ed z roka na rok. Najlep\u0161ie to vidno pr\u00e1ve na mojej <a href=\"https:\/\/www.facebook.com\/MRPYCO\" target=\"_blank\">Facebook fanpage<\/a>.<\/p>\n<p><strong>Nie n\u00e1hodou sme sa o v\u00e1s zmienili ako o cestovate\u013eovi. Vraj ste ako ambas\u00e1dor organiz\u00e1cie UNICEF nav\u0161t\u00edvil tie najchudobnej\u0161ie regi\u00f3ny Afriky. \u010co tak\u00fd ambas\u00e1dor rob\u00ed a ak\u00e1 sk\u00fasenos\u0165 to pre v\u00e1s vlastne bola?<\/strong><\/p>\n<p>Rolu ambas\u00e1dora som prijal po nieko\u013ekoro\u010dnej spolupr\u00e1ci. Okrem osvety a podpory aktu\u00e1lnych projektov v priebehu roka, bolo mojou \u00falohou vycestova\u0165 do ter\u00e9nu, teda do jednej z kraj\u00edn, ktor\u00e9 sa zmietaj\u00fa v probl\u00e9moch a kam bola s\u00fastreden\u00e1 finan\u010dn\u00e1 \u010di materi\u00e1lna pomoc zo slovensk\u00fdch zbierok. V tom \u010dase to bola Uganda, kde sme pom\u00e1hali rie\u0161i\u0165 nedostatok pitnej vody a sanita\u010dn\u00fdch zariaden\u00ed pre deti v najchudobnej\u0161\u00edch regi\u00f3noch. Vidie\u0165 deti v primit\u00edvnych podmienkach tretieho sveta, ktor\u00e9 si v\u00e1\u017eia nadov\u0161etko fakt, \u017ee m\u00f4\u017eu ka\u017ed\u00e9 r\u00e1no bos\u00e9 prejs\u0165 desa\u0165 kilometrov do \u0161koly, ktor\u00e1 je situovan\u00e1 pod stromom a potom kr\u00e1\u010da\u0165 \u010fal\u0161ie kilometre po vodu, v\u00e1s mus\u00ed pozna\u010di\u0165. Re\u017eis\u00e9rka M\u00e1ria Martiniakov\u00e1 na mieste nakr\u00fatila kr\u00e1tky dokument. M\u00f4\u017eete si ho pozrie\u0165 na Youtube, \u010fal\u0161ie slov\u00e1 k tomu \u0165a\u017eko h\u013ead\u00e1m. <a title=\"ikuchar.sk\" href=\"http:\/\/ikuchar.sk\/martin-pyco-rausch-jedlo-bolo-vzdy-umenim\/\" target=\"_blank\">CEL\u00dd\u00a0ROZHOVOR<\/a>\u00a0<i class=\" fa fa-angle-double-right \" style=\"\"><\/i><\/p>\n","protected":false},"excerpt":{"rendered":"<p>Pre\u010d\u00edtajte si najnov\u0161\u00ed\u00a0rozhovor s Pycom, ktor\u00fd poskytol pre port\u00e1l iKuchar.sk. &nbsp; &nbsp; Zn\u00e1my moder\u00e1tor a autor dvoch \u00faspe\u0161n\u00fdch kuch\u00e1rskych kn\u00edh v rozhovore o \u0148om, jeho novej knihe a aj o tom, \u010di m\u00f4\u017eeme o\u010dak\u00e1va\u0165 \u010fal\u0161iu. Ned\u00e1\u00a0n\u00e1m to hne\u010f na \u00favod sa nesp\u00fdta\u0165 \u2013 pre\u010do Pyco? Preto\u017ee za\u010diatkom 90-tych rokov, ke\u010f som za\u010dal pracova\u0165 v prvom [&hellip;]<\/p>\n","protected":false},"author":1,"featured_media":1011,"comment_status":"open","ping_status":"closed","sticky":false,"template":"","format":"standard","meta":{"footnotes":""},"categories":[1],"tags":[],"class_list":["post-2769","post","type-post","status-publish","format-standard","has-post-thumbnail","hentry","category-aktualne"],"_links":{"self":[{"href":"https:\/\/martin-pyco-rausch-fans.sk\/index.php?rest_route=\/wp\/v2\/posts\/2769","targetHints":{"allow":["GET"]}}],"collection":[{"href":"https:\/\/martin-pyco-rausch-fans.sk\/index.php?rest_route=\/wp\/v2\/posts"}],"about":[{"href":"https:\/\/martin-pyco-rausch-fans.sk\/index.php?rest_route=\/wp\/v2\/types\/post"}],"author":[{"embeddable":true,"href":"https:\/\/martin-pyco-rausch-fans.sk\/index.php?rest_route=\/wp\/v2\/users\/1"}],"replies":[{"embeddable":true,"href":"https:\/\/martin-pyco-rausch-fans.sk\/index.php?rest_route=%2Fwp%2Fv2%2Fcomments&post=2769"}],"version-history":[{"count":9,"href":"https:\/\/martin-pyco-rausch-fans.sk\/index.php?rest_route=\/wp\/v2\/posts\/2769\/revisions"}],"predecessor-version":[{"id":2781,"href":"https:\/\/martin-pyco-rausch-fans.sk\/index.php?rest_route=\/wp\/v2\/posts\/2769\/revisions\/2781"}],"wp:featuredmedia":[{"embeddable":true,"href":"https:\/\/martin-pyco-rausch-fans.sk\/index.php?rest_route=\/wp\/v2\/media\/1011"}],"wp:attachment":[{"href":"https:\/\/martin-pyco-rausch-fans.sk\/index.php?rest_route=%2Fwp%2Fv2%2Fmedia&parent=2769"}],"wp:term":[{"taxonomy":"category","embeddable":true,"href":"https:\/\/martin-pyco-rausch-fans.sk\/index.php?rest_route=%2Fwp%2Fv2%2Fcategories&post=2769"},{"taxonomy":"post_tag","embeddable":true,"href":"https:\/\/martin-pyco-rausch-fans.sk\/index.php?rest_route=%2Fwp%2Fv2%2Ftags&post=2769"}],"curies":[{"name":"wp","href":"https:\/\/api.w.org\/{rel}","templated":true}]}}