{"id":3228,"date":"2015-08-29T14:48:37","date_gmt":"2015-08-29T13:48:37","guid":{"rendered":"http:\/\/www.martin-pyco-rausch-fans.sk\/?p=3228"},"modified":"2015-09-04T23:20:03","modified_gmt":"2015-09-04T22:20:03","slug":"rozhovor-pre-plus-jeden-den","status":"publish","type":"post","link":"https:\/\/martin-pyco-rausch-fans.sk\/?p=3228","title":{"rendered":"Rozhovor pre Plus jeden de\u0148"},"content":{"rendered":"<p>V\u00a0piatkovej\u00a0pr\u00edlohe denn\u00edka Plus jeden de\u0148 je uverejnen\u00fd\u00a0rozhovor s <a title=\"facebook.com\/mrpyco\" href=\"https:\/\/www.facebook.com\/MRPYCO\/posts\/10153242859034121\" target=\"_blank\">Pycom<\/a>, k dispoz\u00edcii je u\u017e aj <a title=\"pluska.sk\" href=\"http:\/\/www.pluska.sk\/soubiznis\/domaci-soubiznis\/moderator-martin-pyco-rausch-priznava-pracoval-som-aj-zadarmo.html?utm_source=pluska&amp;utm_medium=topbox&amp;utm_campaign=sprava-topbox\" target=\"_blank\">online<\/a><br \/>\n&nbsp;<\/p>\n<p><strong>Hovor\u00ed sa, \u017ee nikdy nevkro\u010d\u00ed\u0161 dvakr\u00e1t do tej istej rieky, no zd\u00e1 sa, \u017ee moder\u00e1tor Martin Pyco Rausch (37) sa t\u00fdmto heslom neriadi. Spev\u00e1cka \u0161ou SuperStar pred rokmi na\u0161tartovala jeho moder\u00e1torsk\u00fa kari\u00e9ru a teraz sa do nej op\u00e4t vracia. Svoju pr\u00e1cu miluje a boli \u010dasy, ke\u010f ju robil dokonca aj zadarmo.<\/strong><\/p>\n<p><strong>Ak\u00fd je to pre\u00a0v\u00e1s pocit vr\u00e1ti\u0165 sa znovu do\u00a0\u0161ou, ktor\u00e1 v\u00e1s vy\u0161vihla na\u00a0vrchol?<\/strong><\/p>\n<p>Trochu nostalgick\u00fd, zvl\u00e1\u0161tny, ale mus\u00edm prizna\u0165, \u017ee pr\u00edjemn\u00fd. Jedin\u00fd, s\u00a0k\u00fdm som sa stretol zo\u00a0s\u00fa\u010dasnej zostavy na\u00a0prvej SuperStar, je Pa\u013eo Habera. Tak\u017ee je to celkom nov\u00e1 sk\u00fasenos\u0165 aj pre\u00a0m\u0148a.<\/p>\n<p><strong>Pre\u010do ste sa rozhodli vr\u00e1ti\u0165 k moderovaniu SuperStar?<\/strong><\/p>\n<p>M\u00e1m to \u0161\u0165astie poveda\u0165 si, \u017ee pr\u00e1ca je pre\u00a0m\u0148a z\u00e1bavou. Pre\u0161iel som za jeden\u00e1s\u0165 rokov tromi telev\u00edziami. Zo \u017eiadnej som neodi\u0161iel dramaticky, ale slu\u0161ne s\u00a0po\u010fakovan\u00edm cez otvoren\u00e9 dvere, preto\u017ee v\u00a0ka\u017edej som len do\u010dasne moderoval \u010dasovo jasne vymedzen\u00fd projekt. Pote\u0161ilo ma, \u017ee Mark\u00edza ma aj po to\u013ek\u00fdch rokoch oslovila. A ponuka na\u00a0SuperStar pri\u0161la vo\u00a0chv\u00edli, ke\u010f som intenz\u00edvne uva\u017eoval, \u010di nepotrebujem zmenu.<br \/>\n<a style=\"line-height: 1.5;\" href=\"http:\/\/www.pluska.sk\/soubiznis\/domaci-soubiznis\/moderator-martin-pyco-rausch-priznava-pracoval-som-aj-zadarmo.html?utm_source=pluska&amp;utm_medium=topbox&amp;utm_campaign=sprava-topbox\" target=\"_blank\">CEL\u00dd ROZHOVOR<\/a><\/p>\n","protected":false},"excerpt":{"rendered":"<p>V\u00a0piatkovej\u00a0pr\u00edlohe denn\u00edka Plus jeden de\u0148 je uverejnen\u00fd\u00a0rozhovor s Pycom, k dispoz\u00edcii je u\u017e aj online &nbsp; Hovor\u00ed sa, \u017ee nikdy nevkro\u010d\u00ed\u0161 dvakr\u00e1t do tej istej rieky, no zd\u00e1 sa, \u017ee moder\u00e1tor Martin Pyco Rausch (37) sa t\u00fdmto heslom neriadi. Spev\u00e1cka \u0161ou SuperStar pred rokmi na\u0161tartovala jeho moder\u00e1torsk\u00fa kari\u00e9ru a teraz sa do nej op\u00e4t vracia. [&hellip;]<\/p>\n","protected":false},"author":1,"featured_media":3229,"comment_status":"open","ping_status":"closed","sticky":false,"template":"","format":"standard","meta":{"footnotes":""},"categories":[1],"tags":[],"class_list":["post-3228","post","type-post","status-publish","format-standard","has-post-thumbnail","hentry","category-aktualne"],"_links":{"self":[{"href":"https:\/\/martin-pyco-rausch-fans.sk\/index.php?rest_route=\/wp\/v2\/posts\/3228","targetHints":{"allow":["GET"]}}],"collection":[{"href":"https:\/\/martin-pyco-rausch-fans.sk\/index.php?rest_route=\/wp\/v2\/posts"}],"about":[{"href":"https:\/\/martin-pyco-rausch-fans.sk\/index.php?rest_route=\/wp\/v2\/types\/post"}],"author":[{"embeddable":true,"href":"https:\/\/martin-pyco-rausch-fans.sk\/index.php?rest_route=\/wp\/v2\/users\/1"}],"replies":[{"embeddable":true,"href":"https:\/\/martin-pyco-rausch-fans.sk\/index.php?rest_route=%2Fwp%2Fv2%2Fcomments&post=3228"}],"version-history":[{"count":14,"href":"https:\/\/martin-pyco-rausch-fans.sk\/index.php?rest_route=\/wp\/v2\/posts\/3228\/revisions"}],"predecessor-version":[{"id":3373,"href":"https:\/\/martin-pyco-rausch-fans.sk\/index.php?rest_route=\/wp\/v2\/posts\/3228\/revisions\/3373"}],"wp:featuredmedia":[{"embeddable":true,"href":"https:\/\/martin-pyco-rausch-fans.sk\/index.php?rest_route=\/wp\/v2\/media\/3229"}],"wp:attachment":[{"href":"https:\/\/martin-pyco-rausch-fans.sk\/index.php?rest_route=%2Fwp%2Fv2%2Fmedia&parent=3228"}],"wp:term":[{"taxonomy":"category","embeddable":true,"href":"https:\/\/martin-pyco-rausch-fans.sk\/index.php?rest_route=%2Fwp%2Fv2%2Fcategories&post=3228"},{"taxonomy":"post_tag","embeddable":true,"href":"https:\/\/martin-pyco-rausch-fans.sk\/index.php?rest_route=%2Fwp%2Fv2%2Ftags&post=3228"}],"curies":[{"name":"wp","href":"https:\/\/api.w.org\/{rel}","templated":true}]}}