{"id":6149,"date":"2016-10-02T15:25:45","date_gmt":"2016-10-02T14:25:45","guid":{"rendered":"http:\/\/www.martin-pyco-rausch-fans.sk\/?p=6149"},"modified":"2020-02-15T15:31:20","modified_gmt":"2020-02-15T14:31:20","slug":"tento-mesiac-sa-mozeme-tesit-na-dotlac-knihy-moje-jedlo","status":"publish","type":"post","link":"https:\/\/martin-pyco-rausch-fans.sk\/?p=6149","title":{"rendered":"Tento mesiac sa m\u00f4\u017eeme te\u0161i\u0165 na dotla\u010d knihy MOJE JEDLO :)"},"content":{"rendered":"<p>A koniec roka n\u00e1m prinesie aj nov\u00e9, chutn\u00e9 recepty :)<br \/>\n&nbsp;<\/p>\n<blockquote><p>nebolo v\u00e1s m\u00e1lo, ktor\u00ed ste sa za posledn\u00fd rok p\u00fdtali kde sa d\u00e1 zohna\u0165 moja prv\u00e1 kniha z roku 2012 &#8222;Moje Jedlo&#8220;, ke\u010f\u017ee bola vypredan\u00e1. Dobr\u00e1 spr\u00e1va: chyst\u00e1me dotla\u010d! U\u017e koncom okt\u00f3bra by ste ju mali zohna\u0165 v ka\u017edom dobrom kn\u00edhkupectve. A za\u010diatkom decembra pribudne aj novinka &#8220; <a title=\"facebook.com\/MojeJedloByPyco\" href=\"https:\/\/www.facebook.com\/MojeJedloByPyco\/\" target=\"_blank\">Moje Jedlo<\/a> 3&#8243;. Dr\u017ete palce, nonstop na tom pracujem aby to bola moja najlep\u0161ia kniha doposia\u013e&#8230; Aspo\u0148 v to ver\u00edm a \u010fakujem za podporu! Pekn\u00fa nede\u013eu a dovidenia ve\u010der v <a title=\"facebook.com\/TvojaTvarZniePovedome\" href=\"https:\/\/www.facebook.com\/TvojaTvarZniePovedome\/\" target=\"_blank\">Tvoja tv\u00e1r znie povedome<\/a><\/p><\/blockquote>\n<p>&nbsp;<br \/>\n<a href=\"https:\/\/www.facebook.com\/MRPYCO\/posts\/10154153309559121\" target=\"_blank\">facebook.com\/mrpyco<\/a><\/p>\n","protected":false},"excerpt":{"rendered":"<p>A koniec roka n\u00e1m prinesie aj nov\u00e9, chutn\u00e9 recepty :) &nbsp; nebolo v\u00e1s m\u00e1lo, ktor\u00ed ste sa za posledn\u00fd rok p\u00fdtali kde sa d\u00e1 zohna\u0165 moja prv\u00e1 kniha z roku 2012 &#8222;Moje Jedlo&#8220;, ke\u010f\u017ee bola vypredan\u00e1. Dobr\u00e1 spr\u00e1va: chyst\u00e1me dotla\u010d! U\u017e koncom okt\u00f3bra by ste ju mali zohna\u0165 v ka\u017edom dobrom kn\u00edhkupectve. A za\u010diatkom decembra [&hellip;]<\/p>\n","protected":false},"author":1,"featured_media":1566,"comment_status":"open","ping_status":"closed","sticky":false,"template":"","format":"standard","meta":{"footnotes":""},"categories":[1],"tags":[],"class_list":["post-6149","post","type-post","status-publish","format-standard","has-post-thumbnail","hentry","category-aktualne"],"_links":{"self":[{"href":"https:\/\/martin-pyco-rausch-fans.sk\/index.php?rest_route=\/wp\/v2\/posts\/6149","targetHints":{"allow":["GET"]}}],"collection":[{"href":"https:\/\/martin-pyco-rausch-fans.sk\/index.php?rest_route=\/wp\/v2\/posts"}],"about":[{"href":"https:\/\/martin-pyco-rausch-fans.sk\/index.php?rest_route=\/wp\/v2\/types\/post"}],"author":[{"embeddable":true,"href":"https:\/\/martin-pyco-rausch-fans.sk\/index.php?rest_route=\/wp\/v2\/users\/1"}],"replies":[{"embeddable":true,"href":"https:\/\/martin-pyco-rausch-fans.sk\/index.php?rest_route=%2Fwp%2Fv2%2Fcomments&post=6149"}],"version-history":[{"count":11,"href":"https:\/\/martin-pyco-rausch-fans.sk\/index.php?rest_route=\/wp\/v2\/posts\/6149\/revisions"}],"predecessor-version":[{"id":10601,"href":"https:\/\/martin-pyco-rausch-fans.sk\/index.php?rest_route=\/wp\/v2\/posts\/6149\/revisions\/10601"}],"wp:featuredmedia":[{"embeddable":true,"href":"https:\/\/martin-pyco-rausch-fans.sk\/index.php?rest_route=\/wp\/v2\/media\/1566"}],"wp:attachment":[{"href":"https:\/\/martin-pyco-rausch-fans.sk\/index.php?rest_route=%2Fwp%2Fv2%2Fmedia&parent=6149"}],"wp:term":[{"taxonomy":"category","embeddable":true,"href":"https:\/\/martin-pyco-rausch-fans.sk\/index.php?rest_route=%2Fwp%2Fv2%2Fcategories&post=6149"},{"taxonomy":"post_tag","embeddable":true,"href":"https:\/\/martin-pyco-rausch-fans.sk\/index.php?rest_route=%2Fwp%2Fv2%2Ftags&post=6149"}],"curies":[{"name":"wp","href":"https:\/\/api.w.org\/{rel}","templated":true}]}}